{"id":1762,"date":"2023-02-01T12:23:08","date_gmt":"2023-02-01T17:23:08","guid":{"rendered":"https:\/\/albertopreciado.com\/?post_type=actualidad&#038;p=1762"},"modified":"2023-09-01T14:03:04","modified_gmt":"2023-09-01T19:03:04","slug":"el-derecho-de-retracto-como-ejercerlo-y-sus-consecuencias","status":"publish","type":"actualidad","link":"https:\/\/albertopreciado.com\/es\/actualidad\/el-derecho-de-retracto-como-ejercerlo-y-sus-consecuencias\/","title":{"rendered":"<strong>EL DERECHO DE RETRACTO: C\u00d3MO EJERCERLO Y SUS CONSECUENCIAS<\/strong>"},"content":{"rendered":"\n<p>El derecho de retracto es la facultad que tiene el consumidor de devolver el bien o servicio que adquiri\u00f3, cuando no est\u00e1 satisfecho. El Art\u00edculo 47 del Estatuto del Consumidor, establece que aplica en los contratos para la venta de bienes y prestaci\u00f3n de servicios mediante sistemas de financiaci\u00f3n que otorgue el productor o proveedor, en los de venta de tiempo compartido o ventas que utilicen m\u00e9todos no tradicionales o a distancia.<\/p>\n\n\n\n<p>Para ejercerlo, el consumidor tiene un t\u00e9rmino de cinco d\u00edas h\u00e1biles, contados a partir de la entrega del bien o de la celebraci\u00f3n del contrato (en caso de la prestaci\u00f3n de servicios). Si el consumidor decide ejercer dicho derecho en el t\u00e9rmino indicado, se resolver\u00e1 el contrato y se deber\u00e1 reintegrar el dinero que el consumidor hubiese pagado. Cuando la compra haya sido de un bien, el consumidor deber\u00e1 devolver el producto por los mismos medios y en las mismas condiciones en los que lo recibi\u00f3, cubriendo con los costos de transporte y otros que conlleve la devoluci\u00f3n.<\/p>\n\n\n\n<p>Si el vendedor o proveedor se reh\u00fasa a regresar el dinero de la compra, el consumidor podr\u00e1 acudir ante la Superintendencia de Industria y Comercio \u2013SIC, y presentar una queja, de manera virtual o presencial.<\/p>\n\n\n\n<p>Tenga en cuenta que el derecho de retracto no aplica cuando:<\/p>\n\n\n\n<ul class=\"wp-block-list\">\n<li>El producto comprado sea perecedero o con fecha de vencimiento, como los alimentos.<\/li>\n\n\n\n<li>Sean bienes confeccionados con especificaciones del comprador, como prendas de vestir a medida.<\/li>\n\n\n\n<li>Sean bienes de uso personal, como productos de aseo personal, ropa interior, maquillaje, entre otras.<\/li>\n\n\n\n<li>Los servicios sean apuestas y loter\u00edas.<\/li>\n<\/ul>\n\n\n\n<style>\n\n.col-lg-7 li{\nlist-style-position: outside;\n}\n\n.col-lg-7 ul{\npadding-left: 20px;\n}\n\n<\/style>\n","protected":false},"excerpt":{"rendered":"<p>El derecho de retracto es la facultad que tiene el consumidor de devolver el bien o servicio que adquiri\u00f3, cuando no est\u00e1 satisfecho. El Art\u00edculo 47 del Estatuto del Consumidor, establece que aplica en los contratos para la venta de bienes y prestaci\u00f3n de servicios mediante sistemas de financiaci\u00f3n que otorgue el productor o proveedor, [&hellip;]<\/p>\n","protected":false},"author":2,"featured_media":2047,"menu_order":0,"comment_status":"open","ping_status":"closed","template":"","format":"standard","meta":{"_seopress_robots_primary_cat":"","footnotes":""},"categories":[],"class_list":["post-1762","actualidad","type-actualidad","status-publish","format-standard","has-post-thumbnail"],"acf":[],"_links":{"self":[{"href":"https:\/\/albertopreciado.com\/es\/wp-json\/wp\/v2\/actualidad\/1762","targetHints":{"allow":["GET"]}}],"collection":[{"href":"https:\/\/albertopreciado.com\/es\/wp-json\/wp\/v2\/actualidad"}],"about":[{"href":"https:\/\/albertopreciado.com\/es\/wp-json\/wp\/v2\/types\/actualidad"}],"author":[{"embeddable":true,"href":"https:\/\/albertopreciado.com\/es\/wp-json\/wp\/v2\/users\/2"}],"replies":[{"embeddable":true,"href":"https:\/\/albertopreciado.com\/es\/wp-json\/wp\/v2\/comments?post=1762"}],"version-history":[{"count":5,"href":"https:\/\/albertopreciado.com\/es\/wp-json\/wp\/v2\/actualidad\/1762\/revisions"}],"predecessor-version":[{"id":1768,"href":"https:\/\/albertopreciado.com\/es\/wp-json\/wp\/v2\/actualidad\/1762\/revisions\/1768"}],"wp:featuredmedia":[{"embeddable":true,"href":"https:\/\/albertopreciado.com\/es\/wp-json\/wp\/v2\/media\/2047"}],"wp:attachment":[{"href":"https:\/\/albertopreciado.com\/es\/wp-json\/wp\/v2\/media?parent=1762"}],"wp:term":[{"taxonomy":"category","embeddable":true,"href":"https:\/\/albertopreciado.com\/es\/wp-json\/wp\/v2\/categories?post=1762"}],"curies":[{"name":"wp","href":"https:\/\/api.w.org\/{rel}","templated":true}]}}