{"id":2870,"date":"2025-09-26T14:19:43","date_gmt":"2025-09-26T19:19:43","guid":{"rendered":"https:\/\/albertopreciado.com\/?post_type=actualidad&#038;p=2870"},"modified":"2025-09-26T14:23:39","modified_gmt":"2025-09-26T19:23:39","slug":"requisitos-para-acceder-a-la-pension-de-sobreviviente-en-colombia","status":"publish","type":"actualidad","link":"https:\/\/albertopreciado.com\/en\/actualidad\/requisitos-para-acceder-a-la-pension-de-sobreviviente-en-colombia\/","title":{"rendered":"Requisitos para acceder a la pensi\u00f3n de sobreviviente en Colombia"},"content":{"rendered":"<p>Perder a un ser querido no solo trae dolor emocional, tambi\u00e9n despierta muchas preguntas pr\u00e1cticas: \u00bfqu\u00e9 pasa con la pensi\u00f3n? \u00bfqui\u00e9n puede reclamarla? \u00bfqu\u00e9 documentos necesito? Si alguna vez te has cuestionado esto, aqu\u00ed encontrar\u00e1s las respuestas de manera sencilla y clara.<\/p>\n\n\n\n<h4 class=\"wp-block-heading\">\u00bfQu\u00e9 es la pensi\u00f3n de sobreviviente?<\/h4>\n\n\n\n<p>Imagina que las cotizaciones de una persona fueran como una red de seguridad. Cuando esa persona fallece, esa red no desaparece, sino que se traslada a quienes depend\u00edan de ella.<br>Esa es, en esencia, la pensi\u00f3n de sobreviviente: un ingreso mensual para los familiares m\u00e1s cercanos del trabajador o pensionado fallecido. Este derecho est\u00e1 regulado en la Ley 100 de 1993 y en la Ley 797 de 2003.<\/p>\n\n\n\n<h4 class=\"wp-block-heading\">\u00bfQui\u00e9nes pueden recibirla?<\/h4>\n\n\n\n<p>La Ley 100 de 1993, art\u00edculos 46 y 47, modificados por la Ley 797 de 2003, define un orden de beneficiarios. En palabras simples, el derecho se concede de esta manera:<\/p>\n\n\n\n<ul class=\"wp-block-list\">\n<li>El c\u00f3nyuge o compa\u00f1ero(a) permanente: Si convivieron al menos cinco a\u00f1os antes del fallecimiento o si tuvieron hijos en com\u00fan.<\/li>\n\n\n\n<li>Los hijos: Menores de 18 a\u00f1os; entre 18 y 25 a\u00f1os, si estudian y depend\u00edan econ\u00f3micamente; y de cualquier edad, si presentan una invalidez que les impida trabajar.<\/li>\n\n\n\n<li>Los padres: Solo en ausencia de c\u00f3nyuge e hijos, siempre que dependieran econ\u00f3micamente del causante.<\/li>\n\n\n\n<li>Los hermanos inv\u00e1lidos: En \u00faltimo lugar, cuando no hay otros beneficiarios y exist\u00eda dependencia econ\u00f3mica.<\/li>\n<\/ul>\n\n\n\n<h4 class=\"wp-block-heading\">Requisitos principales<\/h4>\n\n\n\n<ul class=\"wp-block-list\">\n<li>Si la persona ya era pensionada, basta con demostrar el parentesco y la dependencia econ\u00f3mica.<\/li>\n\n\n\n<li>Si no era pensionada, debi\u00f3 cotizar al menos 50 semanas en los tres a\u00f1os anteriores al fallecimiento (art\u00edculo 46 de la Ley 100 de 1993).<\/li>\n<\/ul>\n\n\n\n<h4 class=\"wp-block-heading\">Documentos m\u00e1s comunes<\/h4>\n\n\n\n<ul class=\"wp-block-list\">\n<li>Registro civil de defunci\u00f3n.<\/li>\n\n\n\n<li>Documentos que acrediten parentesco (registros civiles de nacimiento y de matrimonio, etc.).<\/li>\n\n\n\n<li>Certificado de estudios, si se trata de hijos entre 18 y 25 a\u00f1os.<\/li>\n\n\n\n<li>Dictamen de invalidez, en caso de discapacidad.<\/li>\n\n\n\n<li>Evidencia de convivencia, cuando se trate de compa\u00f1ero o compa\u00f1era permanente.<\/li>\n<\/ul>\n\n\n\n<p>La pensi\u00f3n de sobreviviente no es un \u201cfavor\u201d del sistema, es un derecho consagrado en la ley, pensado para proteger a las familias en los momentos m\u00e1s dif\u00edciles.<\/p>","protected":false},"excerpt":{"rendered":"<p>Perder a un ser querido no solo trae dolor emocional, tambi\u00e9n despierta muchas preguntas pr\u00e1cticas: \u00bfqu\u00e9 pasa con la pensi\u00f3n? \u00bfqui\u00e9n puede reclamarla? \u00bfqu\u00e9 documentos necesito? Si alguna vez te has cuestionado esto, aqu\u00ed encontrar\u00e1s las respuestas de manera sencilla y clara. \u00bfQu\u00e9 es la pensi\u00f3n de sobreviviente? Imagina que las cotizaciones de una persona [&hellip;]<\/p>","protected":false},"author":2,"featured_media":2873,"menu_order":0,"comment_status":"open","ping_status":"closed","template":"","format":"standard","meta":{"_seopress_robots_primary_cat":"","footnotes":""},"categories":[],"class_list":["post-2870","actualidad","type-actualidad","status-publish","format-standard","has-post-thumbnail"],"acf":[],"_links":{"self":[{"href":"https:\/\/albertopreciado.com\/en\/wp-json\/wp\/v2\/actualidad\/2870","targetHints":{"allow":["GET"]}}],"collection":[{"href":"https:\/\/albertopreciado.com\/en\/wp-json\/wp\/v2\/actualidad"}],"about":[{"href":"https:\/\/albertopreciado.com\/en\/wp-json\/wp\/v2\/types\/actualidad"}],"author":[{"embeddable":true,"href":"https:\/\/albertopreciado.com\/en\/wp-json\/wp\/v2\/users\/2"}],"replies":[{"embeddable":true,"href":"https:\/\/albertopreciado.com\/en\/wp-json\/wp\/v2\/comments?post=2870"}],"version-history":[{"count":2,"href":"https:\/\/albertopreciado.com\/en\/wp-json\/wp\/v2\/actualidad\/2870\/revisions"}],"predecessor-version":[{"id":2875,"href":"https:\/\/albertopreciado.com\/en\/wp-json\/wp\/v2\/actualidad\/2870\/revisions\/2875"}],"wp:featuredmedia":[{"embeddable":true,"href":"https:\/\/albertopreciado.com\/en\/wp-json\/wp\/v2\/media\/2873"}],"wp:attachment":[{"href":"https:\/\/albertopreciado.com\/en\/wp-json\/wp\/v2\/media?parent=2870"}],"wp:term":[{"taxonomy":"category","embeddable":true,"href":"https:\/\/albertopreciado.com\/en\/wp-json\/wp\/v2\/categories?post=2870"}],"curies":[{"name":"wp","href":"https:\/\/api.w.org\/{rel}","templated":true}]}}